{"id":151,"date":"2021-05-17T21:13:28","date_gmt":"2021-05-17T21:13:28","guid":{"rendered":"http:\/\/www.nok2000nyitottkapu.hu\/?p=151"},"modified":"2021-05-17T21:13:28","modified_gmt":"2021-05-17T21:13:28","slug":"soma-es-hetes-a-nok-lapjaban","status":"publish","type":"post","link":"http:\/\/www.nok2000nyitottkapu.hu\/index.php\/2021\/05\/17\/soma-es-hetes-a-nok-lapjaban\/","title":{"rendered":"Soma \u00e9s H\u00e9tes a N\u0151k Lapj\u00e1ban"},"content":{"rendered":"\n<p>Soma (Spitzer Gy\u00f6ngyi), a n\u00e9pszer\u0171 jazz\u00e9nekes, m\u0171sorvezet\u0151 mosolyog a N\u0151k Lapja 2012. janu\u00e1r 25-i sz\u00e1m\u00e1nak c\u00edmlapj\u00e1n, \u00e9s a vele k\u00e9sz\u00fclt interj\u00faban besz\u00e1mol az \u00d3zd-h\u00e9tesi tapasztalatair\u00f3l.<\/p>\n\n\n\n<p>V. Kulcs\u00e1r Ildik\u00f3 \u00fajs\u00e1g\u00edr\u00f3 k\u00e9rd\u00e9s\u00e9re v\u00e1laszolva elmondja Soma, hogy B\u00f3dis Kriszta \u00edr\u00f3, dokumentumfilm-rendez\u0151 h\u00edv\u00e1s\u00e1ra \u00e9rkezett el\u0151sz\u00f6r \u00d3zdra, ahol l\u00e1thatta a h\u00e9tesi telep szeg\u00e9nys\u00e9g\u00e9t, az ott \u00e9l\u0151k rem\u00e9nytelen helyzet\u00e9t, \u00e9s elhat\u00e1rozta: megpr\u00f3b\u00e1l seg\u00edteni az asszonyokon. \u201eAkik olyan f\u00e9rfiuralomban \u00e9lnek, amilyet legfeljebb a nagyany\u00e1ink ismertek. (\u2026) Sokat tanultam h\u00e1rom \u00e9v alatt. P\u00e9ld\u00e1ul azt, hogy csak lassan, \u00f3vatosan \u00e9s hitelesen lehet eredm\u00e9nyt el\u00e9rni. Az ut\u00f3bbi k\u00fcl\u00f6n\u00f6sen fontos: ha \u00edg\u00e9rsz valamit, be kell tartani.\u201d A besz\u00e9lget\u00e9sb\u0151l kider\u00fcl, hogyan siker\u00fclt Som\u00e1nak asszonyk\u00f6rt szervezni, megtan\u00edtani a n\u0151ket medit\u00e1lni, k\u00e9zimunk\u00e1zni, \u00f6nmagukat becs\u00fclni&#8230;<\/p>\n\n\n\n<p><strong>A lap megtal\u00e1lhat\u00f3 a II. R\u00e1k\u00f3czi Ferenc Megyei K\u00f6nyvt\u00e1rban (is)!<\/strong><\/p>\n\n\n\n<p><a href=\"https:\/\/www.rfmlib.hu\/hu\/content\/soma-es-hetes-nok-lapjaban\" target=\"_blank\" rel=\"noreferrer noopener\">Link: https:\/\/www.rfmlib.hu\/hu\/content\/soma-es-hetes-nok-lapjaban <\/a><\/p>\n\n\n\n<p><\/p>\n","protected":false},"excerpt":{"rendered":"<p>Soma (Spitzer Gy\u00f6ngyi), a n\u00e9pszer\u0171 jazz\u00e9nekes, m\u0171sorvezet\u0151 mosolyog a N\u0151k Lapja 2012. janu\u00e1r 25-i sz\u00e1m\u00e1nak c\u00edmlapj\u00e1n, \u00e9s a vele k\u00e9sz\u00fclt interj\u00faban besz\u00e1mol az \u00d3zd-h\u00e9tesi tapasztalatair\u00f3l. V. Kulcs\u00e1r Ildik\u00f3 \u00fajs\u00e1g\u00edr\u00f3 k\u00e9rd\u00e9s\u00e9re v\u00e1laszolva elmondja Soma, hogy B\u00f3dis Kriszta \u00edr\u00f3, dokumentumfilm-rendez\u0151 h\u00edv\u00e1s\u00e1ra \u00e9rkezett el\u0151sz\u00f6r \u00d3zdra, ahol l\u00e1thatta a h\u00e9tesi telep szeg\u00e9nys\u00e9g\u00e9t, az ott \u00e9l\u0151k rem\u00e9nytelen helyzet\u00e9t, \u00e9s elhat\u00e1rozta: [&hellip;]<\/p>\n","protected":false},"author":1,"featured_media":0,"comment_status":"open","ping_status":"open","sticky":false,"template":"","format":"standard","meta":[],"categories":[1],"tags":[],"_links":{"self":[{"href":"http:\/\/www.nok2000nyitottkapu.hu\/index.php\/wp-json\/wp\/v2\/posts\/151"}],"collection":[{"href":"http:\/\/www.nok2000nyitottkapu.hu\/index.php\/wp-json\/wp\/v2\/posts"}],"about":[{"href":"http:\/\/www.nok2000nyitottkapu.hu\/index.php\/wp-json\/wp\/v2\/types\/post"}],"author":[{"embeddable":true,"href":"http:\/\/www.nok2000nyitottkapu.hu\/index.php\/wp-json\/wp\/v2\/users\/1"}],"replies":[{"embeddable":true,"href":"http:\/\/www.nok2000nyitottkapu.hu\/index.php\/wp-json\/wp\/v2\/comments?post=151"}],"version-history":[{"count":1,"href":"http:\/\/www.nok2000nyitottkapu.hu\/index.php\/wp-json\/wp\/v2\/posts\/151\/revisions"}],"predecessor-version":[{"id":152,"href":"http:\/\/www.nok2000nyitottkapu.hu\/index.php\/wp-json\/wp\/v2\/posts\/151\/revisions\/152"}],"wp:attachment":[{"href":"http:\/\/www.nok2000nyitottkapu.hu\/index.php\/wp-json\/wp\/v2\/media?parent=151"}],"wp:term":[{"taxonomy":"category","embeddable":true,"href":"http:\/\/www.nok2000nyitottkapu.hu\/index.php\/wp-json\/wp\/v2\/categories?post=151"},{"taxonomy":"post_tag","embeddable":true,"href":"http:\/\/www.nok2000nyitottkapu.hu\/index.php\/wp-json\/wp\/v2\/tags?post=151"}],"curies":[{"name":"wp","href":"https:\/\/api.w.org\/{rel}","templated":true}]}}